{"id":3211,"date":"2016-05-09T14:03:17","date_gmt":"2016-05-09T14:03:17","guid":{"rendered":"https:\/\/www.laitnaa.fr\/?p=3211"},"modified":"2016-05-09T14:48:29","modified_gmt":"2016-05-09T14:48:29","slug":"ferme-bas-carbonne","status":"publish","type":"post","link":"https:\/\/www.laitnaa.fr\/?p=3211","title":{"rendered":"Ferme Bas Carbone"},"content":{"rendered":"<p><span style=\"color: #3366ff;\"> <a href=\"https:\/\/www.laitnaa.fr\/wp-content\/uploads\/2016\/05\/logo-bas-carbonne.jpg\"><img loading=\"lazy\" decoding=\"async\" class=\"alignleft size-medium wp-image-3216\" src=\"https:\/\/www.laitnaa.fr\/wp-content\/uploads\/2016\/05\/logo-bas-carbonne-300x170.jpg\" alt=\"logo bas carbonne\" width=\"300\" height=\"170\" srcset=\"https:\/\/www.laitnaa.fr\/wp-content\/uploads\/2016\/05\/logo-bas-carbonne-300x170.jpg 300w, https:\/\/www.laitnaa.fr\/wp-content\/uploads\/2016\/05\/logo-bas-carbonne-1024x581.jpg 1024w, https:\/\/www.laitnaa.fr\/wp-content\/uploads\/2016\/05\/logo-bas-carbonne.jpg 1483w\" sizes=\"auto, (max-width: 300px) 100vw, 300px\" \/><\/a><\/span>En 2016, <strong>le CNIEL financera 500 diagnostics-conseils Ferme laiti\u00e8re bas carbone<\/strong> qui lui seront propos\u00e9s dans le cadre des initiatives locales. L&rsquo;objectif est bien d&rsquo;<strong>amorcer le d\u00e9ploiement<\/strong> du programme.<br \/>\n<strong>Les \u00e9leveurs qui souhaitent r\u00e9aliser ce diagnostic peuvent s&rsquo;inscrire en contactant leur CRIEL avant le 1<sup>er<\/sup> juin 2016.<\/strong><br \/>\nPour information, ces diagnostics devront \u00eatre\u00a0r\u00e9alis\u00e9s avec le logiciel CAP&rsquo;2ER niveau 2 avec une demi-journ\u00e9e de visite r\u00e9elle chez l&rsquo;\u00e9leveur et une proposition de plan d&rsquo;actions \u00e0 la fin (discussion avec l&rsquo;\u00e9leveur sur les pistes d&rsquo;am\u00e9lioration). Sachez que si le nombre de diagnostics demand\u00e9s est sup\u00e9rieur \u00e0 500, <strong>un arbitrage national (avec une cl\u00e9 de r\u00e9partition nationale) sera r\u00e9alis\u00e9<\/strong> afin de d\u00e9finir o\u00f9 seront r\u00e9alis\u00e9s les diagnostics financ\u00e9s par le CNIEL.<br \/>\nPour plus d&rsquo;information : <a href=\"https:\/\/www.laitnaa.fr\/wp-content\/uploads\/2016\/05\/cp_initiatives_regionales_ferme-bas-carbone.pdf\">cp_initiatives_regionales_ferme bas carbone<\/a><\/p>\n","protected":false},"excerpt":{"rendered":"<p>En 2016, le CNIEL financera 500 diagnostics-conseils Ferme laiti\u00e8re bas carbone qui lui seront propos\u00e9s dans le cadre des initiatives locales. L&rsquo;objectif est bien d&rsquo;amorcer le d\u00e9ploiement du programme. Les \u00e9leveurs qui souhaitent r\u00e9aliser ce diagnostic peuvent s&rsquo;inscrire en contactant &hellip; <a href=\"https:\/\/www.laitnaa.fr\/?p=3211\">Continuer la lecture <span class=\"meta-nav\">&rarr;<\/span><\/a><\/p>\n","protected":false},"author":11,"featured_media":0,"comment_status":"closed","ping_status":"open","sticky":false,"template":"","format":"standard","meta":{"footnotes":""},"categories":[4],"tags":[90,91,89,93,92,88],"class_list":["post-3211","post","type-post","status-publish","format-standard","hentry","category-actualite","tag-bas","tag-bas-carbonne","tag-carbone","tag-ecologie","tag-envrironnement","tag-ferme"],"_links":{"self":[{"href":"https:\/\/www.laitnaa.fr\/index.php?rest_route=\/wp\/v2\/posts\/3211","targetHints":{"allow":["GET"]}}],"collection":[{"href":"https:\/\/www.laitnaa.fr\/index.php?rest_route=\/wp\/v2\/posts"}],"about":[{"href":"https:\/\/www.laitnaa.fr\/index.php?rest_route=\/wp\/v2\/types\/post"}],"author":[{"embeddable":true,"href":"https:\/\/www.laitnaa.fr\/index.php?rest_route=\/wp\/v2\/users\/11"}],"replies":[{"embeddable":true,"href":"https:\/\/www.laitnaa.fr\/index.php?rest_route=%2Fwp%2Fv2%2Fcomments&post=3211"}],"version-history":[{"count":7,"href":"https:\/\/www.laitnaa.fr\/index.php?rest_route=\/wp\/v2\/posts\/3211\/revisions"}],"predecessor-version":[{"id":3222,"href":"https:\/\/www.laitnaa.fr\/index.php?rest_route=\/wp\/v2\/posts\/3211\/revisions\/3222"}],"wp:attachment":[{"href":"https:\/\/www.laitnaa.fr\/index.php?rest_route=%2Fwp%2Fv2%2Fmedia&parent=3211"}],"wp:term":[{"taxonomy":"category","embeddable":true,"href":"https:\/\/www.laitnaa.fr\/index.php?rest_route=%2Fwp%2Fv2%2Fcategories&post=3211"},{"taxonomy":"post_tag","embeddable":true,"href":"https:\/\/www.laitnaa.fr\/index.php?rest_route=%2Fwp%2Fv2%2Ftags&post=3211"}],"curies":[{"name":"wp","href":"https:\/\/api.w.org\/{rel}","templated":true}]}}